{"id":2081,"global_id":"caplds.cz?id=2081","global_id_lineage":["caplds.cz?id=2081"],"author":"2","status":"publish","date":"2022-02-23 09:29:06","date_utc":"2022-02-23 08:29:06","modified":"2022-02-23 09:30:38","modified_utc":"2022-02-23 08:30:38","url":"https:\/\/caplds.cz\/index.php\/event\/xxv-jarni-konference-aem-1-2-3-2022\/","rest_url":"https:\/\/caplds.cz\/index.php\/wp-json\/tribe\/events\/v1\/events\/2081","title":"XXV. Jarn\u00ed konference AEM 1-2.3.2022","description":"<p><strong><a href=\"https:\/\/caplds.cz\/wp-content\/uploads\/2022\/02\/Prihlaska-XXV.Jarni-konference-AEM.docx\">Prihlaska-XXV.Jarni-konference-AEM<\/a> Asociace energetick\u00fdch mana\u017eer\u016f po\u0159\u00e1d\u00e1 v\u00fdro\u010dn\u00ed XXV. Jarn\u00ed konferenci, kterou po\u0159\u00e1d\u00e1me v&nbsp;Budov\u011b \u010cVUT CIIRC, Jugosl\u00e1vsk\u00fdch\u00a0 Partiz\u00e1n\u00fa 3,160&nbsp;00, Praha 6, ve dnech \u00a01.-2.b\u0159ezna 2022.<\/strong><\/p>\n<p>&nbsp;<\/p>\n<p><strong><a href=\"https:\/\/caplds.cz\/wp-content\/uploads\/2022\/02\/Prihlaska-XXV.Jarni-konference-AEM.docx\">Prihlaska-XXV.Jarni-konference-AEM<\/a><\/strong><\/p>\n<p><strong> <img loading=\"lazy\" decoding=\"async\" class=\"alignnone size-medium wp-image-2075\" src=\"https:\/\/caplds.cz\/wp-content\/uploads\/2022\/02\/Pozvanka-210x300.jpeg\" alt=\"\" width=\"210\" height=\"300\" srcset=\"https:\/\/caplds.cz\/wp-content\/uploads\/2022\/02\/Pozvanka-210x300.jpeg 210w, https:\/\/caplds.cz\/wp-content\/uploads\/2022\/02\/Pozvanka.jpeg 595w\" sizes=\"auto, (max-width: 210px) 100vw, 210px\" \/> <img loading=\"lazy\" decoding=\"async\" class=\"alignnone size-medium wp-image-2077\" src=\"https:\/\/caplds.cz\/wp-content\/uploads\/2022\/02\/Program-I.-210x300.jpeg\" alt=\"\" width=\"210\" height=\"300\" srcset=\"https:\/\/caplds.cz\/wp-content\/uploads\/2022\/02\/Program-I.-210x300.jpeg 210w, https:\/\/caplds.cz\/wp-content\/uploads\/2022\/02\/Program-I..jpeg 595w\" sizes=\"auto, (max-width: 210px) 100vw, 210px\" \/> <img loading=\"lazy\" decoding=\"async\" class=\"alignnone size-medium wp-image-2078\" src=\"https:\/\/caplds.cz\/wp-content\/uploads\/2022\/02\/Program-II.-210x300.jpeg\" alt=\"\" width=\"210\" height=\"300\" srcset=\"https:\/\/caplds.cz\/wp-content\/uploads\/2022\/02\/Program-II.-210x300.jpeg 210w, https:\/\/caplds.cz\/wp-content\/uploads\/2022\/02\/Program-II..jpeg 595w\" sizes=\"auto, (max-width: 210px) 100vw, 210px\" \/><\/strong><\/p>","excerpt":"","slug":"xxv-jarni-konference-aem-1-2-3-2022","image":false,"all_day":false,"start_date":"2022-03-01 00:00:00","start_date_details":{"year":"2022","month":"03","day":"01","hour":"00","minutes":"00","seconds":"00"},"end_date":"2022-03-02 00:00:00","end_date_details":{"year":"2022","month":"03","day":"02","hour":"00","minutes":"00","seconds":"00"},"utc_start_date":"2022-02-28 23:00:00","utc_start_date_details":{"year":"2022","month":"02","day":"28","hour":"23","minutes":"00","seconds":"00"},"utc_end_date":"2022-03-01 23:00:00","utc_end_date_details":{"year":"2022","month":"03","day":"01","hour":"23","minutes":"00","seconds":"00"},"timezone":"Europe\/Prague","timezone_abbr":"CET","cost":"","cost_details":{"currency_symbol":"","currency_code":"","currency_position":"suffix","values":[]},"website":"","show_map":true,"show_map_link":true,"hide_from_listings":false,"sticky":false,"featured":false,"categories":[],"tags":[],"venue":[],"organizer":[],"custom_fields":[],"json_ld":{"@context":"http:\/\/schema.org","@type":"Event","name":"XXV. Jarn\u00ed konference AEM 1-2.3.2022","description":"&lt;p&gt;Prihlaska-XXV.Jarni-konference-AEM Asociace energetick\u00fdch mana\u017eer\u016f po\u0159\u00e1d\u00e1 v\u00fdro\u010dn\u00ed XXV. Jarn\u00ed konferenci, kterou po\u0159\u00e1d\u00e1me v Budov\u011b \u010cVUT CIIRC, Jugosl\u00e1vsk\u00fdch\u00a0 Partiz\u00e1n\u00fa 3,160 00, Praha 6, ve dnech \u00a01.-2.b\u0159ezna 2022. &nbsp; Prihlaska-XXV.Jarni-konference-AEM&lt;\/p&gt;\\n","url":"https:\/\/caplds.cz\/index.php\/event\/xxv-jarni-konference-aem-1-2-3-2022\/","eventAttendanceMode":"https:\/\/schema.org\/OfflineEventAttendanceMode","eventStatus":"https:\/\/schema.org\/EventScheduled","startDate":"2022-03-01T00:00:00+01:00","endDate":"2022-03-02T00:00:00+01:00","performer":"Organization"}}